{"id":103,"date":"2023-05-15T08:00:40","date_gmt":"2023-05-15T07:00:40","guid":{"rendered":"https:\/\/www.megadancers.com\/?p=103"},"modified":"2024-01-26T19:23:06","modified_gmt":"2024-01-26T19:23:06","slug":"megadancers-salsa-open","status":"publish","type":"post","link":"https:\/\/www.megadancers.com\/de\/megadancers-salsa-open\/","title":{"rendered":"Megadancers und Salsa Open starten eine Kampagne, bei der Salsa mehr denn je in Mode ist"},"content":{"rendered":"<div class=\"fusion-fullwidth fullwidth-box fusion-builder-row-1 fusion-flex-container nonhundred-percent-fullwidth non-hundred-percent-height-scrolling\" style=\"--awb-border-radius-top-left:0px;--awb-border-radius-top-right:0px;--awb-border-radius-bottom-right:0px;--awb-border-radius-bottom-left:0px;--awb-flex-wrap:wrap;\" ><div class=\"fusion-builder-row fusion-row fusion-flex-align-items-flex-start fusion-flex-content-wrap\" style=\"max-width:calc( 1200px + 0px );margin-left: calc(-0px \/ 2 );margin-right: calc(-0px \/ 2 );\"><div class=\"fusion-layout-column fusion_builder_column fusion-builder-column-0 fusion_builder_column_1_1 1_1 fusion-flex-column\" style=\"--awb-bg-size:cover;--awb-width-large:100%;--awb-margin-top-large:0px;--awb-spacing-right-large:0px;--awb-margin-bottom-large:20px;--awb-spacing-left-large:0px;--awb-width-medium:100%;--awb-spacing-right-medium:0px;--awb-spacing-left-medium:0px;--awb-width-small:100%;--awb-spacing-right-small:0px;--awb-spacing-left-small:0px;\"><div class=\"fusion-column-wrapper fusion-column-has-shadow fusion-flex-justify-content-flex-start fusion-content-layout-column\"><div class=\"fusion-text fusion-text-1\"><p>Die ersten Werbemittel f\u00fcr die Doppelveranstaltung, die in den ersten Septembertagen in Santa Cruz de Tenerife stattfinden wird, sind bereit, um die Kampagne zu starten. Das Plakat und der TV-Spot sind Teil einer ersten Kommunikationsphase, die f\u00fcr den Aufruf zur Teilnahme sowohl an den Canarias Salsa Open als auch an der Flaggschiff-Veranstaltung im Jahr 2023, Megadancers: European Salsa League, notwendig ist.<\/p>\n<p>Nur noch drei Monate bis zum Tanzfestival, und die Kampagne in den sozialen Medien, zweifellos die beste virtuelle Werbemaschine, hat ebenfalls begonnen. Die j\u00fcngsten Videos, die viral gegangen sind, zeigen die Beckhams, Salma Hayek und Will Smith (letzterer mit Marc Anthony als Lehrer) beim Salsatanzen. Diese Aktivit\u00e4t, das Erlernen und Aus\u00fcben von Tanz und T\u00e4nzen, erm\u00f6glicht es uns, unseren K\u00f6rper zu formen, unseren Geist zu bereichern und unser musikalisches Repertoire zu erweitern.<\/p>\n<\/div><div class=\"fusion-video fusion-selfhosted-video\" style=\"max-width:100%;\"><div class=\"video-wrapper\"><video playsinline=\"true\" width=\"100%\" style=\"object-fit: cover;\" autoplay=\"true\" loop=\"true\" preload=\"auto\" controls=\"1\"><source src=\"https:\/\/www.megadancers.com\/wp-content\/uploads\/2019\/08\/CSO-MGD-2023.mp4\" type=\"video\/mp4\">Ihr Browser unterst\u00fctzt leider keine eingebetteten Videos.<\/video><\/div><\/div><\/div><\/div><\/div><\/div>","protected":false},"excerpt":{"rendered":"Die ersten Werbemittel f\u00fcr das Doppelereignis, das in den ersten Septembertagen in Santa Cruz de Tenerife stattfinden wird, stehen bereit, um die Kampagne zu starten. Das Plakat und der TV-Spot sind Teil der ersten Phase der [...]","protected":false},"author":1,"featured_media":6417,"comment_status":"closed","ping_status":"closed","sticky":false,"template":"","format":"standard","meta":{"footnotes":""},"categories":[31],"tags":[48,47,57],"class_list":["post-103","post","type-post","status-publish","format-standard","has-post-thumbnail","hentry","category-noticias","tag-bailar-salsa","tag-megadancers","tag-santa-cruz-de-tenerife"],"yoast_head":"<!-- This site is optimized with the Yoast SEO plugin v27.4 - https:\/\/yoast.com\/product\/yoast-seo-wordpress\/ -->\n<title>Con la salsa m\u00e1s de moda que nunca, arranca la campa\u00f1a del Megadancers y Salsa Open - MegaDancers: European Salsa League<\/title>\n<meta name=\"robots\" content=\"index, follow, max-snippet:-1, max-image-preview:large, max-video-preview:-1\" \/>\n<link rel=\"canonical\" href=\"https:\/\/www.megadancers.com\/de\/megadancers-salsa-open\/\" \/>\n<meta property=\"og:locale\" content=\"de_DE\" \/>\n<meta property=\"og:type\" content=\"article\" \/>\n<meta property=\"og:title\" content=\"Con la salsa m\u00e1s de moda que nunca, arranca la campa\u00f1a del Megadancers y Salsa Open - MegaDancers: European Salsa League\" \/>\n<meta property=\"og:url\" content=\"https:\/\/www.megadancers.com\/de\/megadancers-salsa-open\/\" \/>\n<meta property=\"og:site_name\" content=\"MegaDancers: European Salsa League\" \/>\n<meta property=\"article:publisher\" content=\"https:\/\/www.facebook.com\/CanariasSalsaOpen\/\" \/>\n<meta property=\"article:published_time\" content=\"2023-05-15T07:00:40+00:00\" \/>\n<meta property=\"article:modified_time\" content=\"2024-01-26T19:23:06+00:00\" \/>\n<meta property=\"og:image\" content=\"https:\/\/www.megadancers.com\/wp-content\/uploads\/2023\/05\/Cartel-Canarias-Salsa-Open-2023--scaled.jpg\" \/>\n\t<meta property=\"og:image:width\" content=\"1708\" \/>\n\t<meta property=\"og:image:height\" content=\"2560\" \/>\n\t<meta property=\"og:image:type\" content=\"image\/jpeg\" \/>\n<meta name=\"author\" content=\"admin\" \/>\n<meta name=\"twitter:card\" content=\"summary_large_image\" \/>\n<meta name=\"twitter:label1\" content=\"Verfasst von\" \/>\n\t<meta name=\"twitter:data1\" content=\"admin\" \/>\n\t<meta name=\"twitter:label2\" content=\"Gesch\u00e4tzte Lesezeit\" \/>\n\t<meta name=\"twitter:data2\" content=\"2\u00a0Minuten\" \/>\n<script type=\"application\/ld+json\" class=\"yoast-schema-graph\">{\"@context\":\"https:\\\/\\\/schema.org\",\"@graph\":[{\"@type\":\"Article\",\"@id\":\"https:\\\/\\\/www.megadancers.com\\\/megadancers-salsa-open\\\/#article\",\"isPartOf\":{\"@id\":\"https:\\\/\\\/www.megadancers.com\\\/megadancers-salsa-open\\\/\"},\"author\":{\"name\":\"admin\",\"@id\":\"https:\\\/\\\/www.megadancers.com\\\/#\\\/schema\\\/person\\\/3a5a64bd36fa8a0790e85d4cb57e5cd0\"},\"headline\":\"Con la salsa m\u00e1s de moda que nunca, arranca la campa\u00f1a del Megadancers y Salsa Open\",\"datePublished\":\"2023-05-15T07:00:40+00:00\",\"dateModified\":\"2024-01-26T19:23:06+00:00\",\"mainEntityOfPage\":{\"@id\":\"https:\\\/\\\/www.megadancers.com\\\/megadancers-salsa-open\\\/\"},\"wordCount\":521,\"publisher\":{\"@id\":\"https:\\\/\\\/www.megadancers.com\\\/#organization\"},\"image\":{\"@id\":\"https:\\\/\\\/www.megadancers.com\\\/megadancers-salsa-open\\\/#primaryimage\"},\"thumbnailUrl\":\"https:\\\/\\\/www.megadancers.com\\\/wp-content\\\/uploads\\\/2023\\\/05\\\/Cartel-Canarias-Salsa-Open-2023--scaled.jpg\",\"keywords\":[\"bailar salsa\",\"MegaDancers\",\"Santa Cruz de Tenerife\"],\"articleSection\":[\"Noticias\"],\"inLanguage\":\"de\"},{\"@type\":\"WebPage\",\"@id\":\"https:\\\/\\\/www.megadancers.com\\\/megadancers-salsa-open\\\/\",\"url\":\"https:\\\/\\\/www.megadancers.com\\\/megadancers-salsa-open\\\/\",\"name\":\"Con la salsa m\u00e1s de moda que nunca, arranca la campa\u00f1a del Megadancers y Salsa Open - MegaDancers: European Salsa League\",\"isPartOf\":{\"@id\":\"https:\\\/\\\/www.megadancers.com\\\/#website\"},\"primaryImageOfPage\":{\"@id\":\"https:\\\/\\\/www.megadancers.com\\\/megadancers-salsa-open\\\/#primaryimage\"},\"image\":{\"@id\":\"https:\\\/\\\/www.megadancers.com\\\/megadancers-salsa-open\\\/#primaryimage\"},\"thumbnailUrl\":\"https:\\\/\\\/www.megadancers.com\\\/wp-content\\\/uploads\\\/2023\\\/05\\\/Cartel-Canarias-Salsa-Open-2023--scaled.jpg\",\"datePublished\":\"2023-05-15T07:00:40+00:00\",\"dateModified\":\"2024-01-26T19:23:06+00:00\",\"breadcrumb\":{\"@id\":\"https:\\\/\\\/www.megadancers.com\\\/megadancers-salsa-open\\\/#breadcrumb\"},\"inLanguage\":\"de\",\"potentialAction\":[{\"@type\":\"ReadAction\",\"target\":[\"https:\\\/\\\/www.megadancers.com\\\/megadancers-salsa-open\\\/\"]}]},{\"@type\":\"ImageObject\",\"inLanguage\":\"de\",\"@id\":\"https:\\\/\\\/www.megadancers.com\\\/megadancers-salsa-open\\\/#primaryimage\",\"url\":\"https:\\\/\\\/www.megadancers.com\\\/wp-content\\\/uploads\\\/2023\\\/05\\\/Cartel-Canarias-Salsa-Open-2023--scaled.jpg\",\"contentUrl\":\"https:\\\/\\\/www.megadancers.com\\\/wp-content\\\/uploads\\\/2023\\\/05\\\/Cartel-Canarias-Salsa-Open-2023--scaled.jpg\",\"width\":1708,\"height\":2560},{\"@type\":\"BreadcrumbList\",\"@id\":\"https:\\\/\\\/www.megadancers.com\\\/megadancers-salsa-open\\\/#breadcrumb\",\"itemListElement\":[{\"@type\":\"ListItem\",\"position\":1,\"name\":\"Inicio\",\"item\":\"https:\\\/\\\/www.megadancers.com\\\/\"},{\"@type\":\"ListItem\",\"position\":2,\"name\":\"Con la salsa m\u00e1s de moda que nunca, arranca la campa\u00f1a del Megadancers y Salsa Open\"}]},{\"@type\":\"WebSite\",\"@id\":\"https:\\\/\\\/www.megadancers.com\\\/#website\",\"url\":\"https:\\\/\\\/www.megadancers.com\\\/\",\"name\":\"MegaDancers: European Salsa League\",\"description\":\"Competencia de baile de salsa en pareja y solistas\",\"publisher\":{\"@id\":\"https:\\\/\\\/www.megadancers.com\\\/#organization\"},\"alternateName\":\"Megadancers\",\"potentialAction\":[{\"@type\":\"SearchAction\",\"target\":{\"@type\":\"EntryPoint\",\"urlTemplate\":\"https:\\\/\\\/www.megadancers.com\\\/?s={search_term_string}\"},\"query-input\":{\"@type\":\"PropertyValueSpecification\",\"valueRequired\":true,\"valueName\":\"search_term_string\"}}],\"inLanguage\":\"de\"},{\"@type\":\"Organization\",\"@id\":\"https:\\\/\\\/www.megadancers.com\\\/#organization\",\"name\":\"MegaDancers\",\"url\":\"https:\\\/\\\/www.megadancers.com\\\/\",\"logo\":{\"@type\":\"ImageObject\",\"inLanguage\":\"de\",\"@id\":\"https:\\\/\\\/www.megadancers.com\\\/#\\\/schema\\\/logo\\\/image\\\/\",\"url\":\"https:\\\/\\\/www.megadancers.com\\\/wp-content\\\/uploads\\\/2023\\\/06\\\/Logo-MegaDancersSEO.png\",\"contentUrl\":\"https:\\\/\\\/www.megadancers.com\\\/wp-content\\\/uploads\\\/2023\\\/06\\\/Logo-MegaDancersSEO.png\",\"width\":512,\"height\":512,\"caption\":\"MegaDancers\"},\"image\":{\"@id\":\"https:\\\/\\\/www.megadancers.com\\\/#\\\/schema\\\/logo\\\/image\\\/\"},\"sameAs\":[\"https:\\\/\\\/www.facebook.com\\\/CanariasSalsaOpen\\\/\",\"https:\\\/\\\/www.instagram.com\\\/salsaopencanarias\\\/\"]},{\"@type\":\"Person\",\"@id\":\"https:\\\/\\\/www.megadancers.com\\\/#\\\/schema\\\/person\\\/3a5a64bd36fa8a0790e85d4cb57e5cd0\",\"name\":\"admin\",\"image\":{\"@type\":\"ImageObject\",\"inLanguage\":\"de\",\"@id\":\"https:\\\/\\\/secure.gravatar.com\\\/avatar\\\/2aa33298fd6793ab4d9e378d2dc589af001fa4751581af51ba594db128bd3c99?s=96&d=mm&r=g\",\"url\":\"https:\\\/\\\/secure.gravatar.com\\\/avatar\\\/2aa33298fd6793ab4d9e378d2dc589af001fa4751581af51ba594db128bd3c99?s=96&d=mm&r=g\",\"contentUrl\":\"https:\\\/\\\/secure.gravatar.com\\\/avatar\\\/2aa33298fd6793ab4d9e378d2dc589af001fa4751581af51ba594db128bd3c99?s=96&d=mm&r=g\",\"caption\":\"admin\"},\"sameAs\":[\"https:\\\/\\\/megadancers.com\"],\"url\":\"https:\\\/\\\/www.megadancers.com\\\/de\\\/author\\\/root_hcoh9yj2\\\/\"}]}<\/script>\n<!-- \/ Yoast SEO plugin. -->","yoast_head_json":{"title":"Con la salsa m\u00e1s de moda que nunca, arranca la campa\u00f1a del Megadancers y Salsa Open - MegaDancers: European Salsa League","robots":{"index":"index","follow":"follow","max-snippet":"max-snippet:-1","max-image-preview":"max-image-preview:large","max-video-preview":"max-video-preview:-1"},"canonical":"https:\/\/www.megadancers.com\/de\/megadancers-salsa-open\/","og_locale":"de_DE","og_type":"article","og_title":"Con la salsa m\u00e1s de moda que nunca, arranca la campa\u00f1a del Megadancers y Salsa Open - MegaDancers: European Salsa League","og_url":"https:\/\/www.megadancers.com\/de\/megadancers-salsa-open\/","og_site_name":"MegaDancers: European Salsa League","article_publisher":"https:\/\/www.facebook.com\/CanariasSalsaOpen\/","article_published_time":"2023-05-15T07:00:40+00:00","article_modified_time":"2024-01-26T19:23:06+00:00","og_image":[{"width":1708,"height":2560,"url":"https:\/\/www.megadancers.com\/wp-content\/uploads\/2023\/05\/Cartel-Canarias-Salsa-Open-2023--scaled.jpg","type":"image\/jpeg"}],"author":"admin","twitter_card":"summary_large_image","twitter_misc":{"Verfasst von":"admin","Gesch\u00e4tzte Lesezeit":"2\u00a0Minuten"},"schema":{"@context":"https:\/\/schema.org","@graph":[{"@type":"Article","@id":"https:\/\/www.megadancers.com\/megadancers-salsa-open\/#article","isPartOf":{"@id":"https:\/\/www.megadancers.com\/megadancers-salsa-open\/"},"author":{"name":"admin","@id":"https:\/\/www.megadancers.com\/#\/schema\/person\/3a5a64bd36fa8a0790e85d4cb57e5cd0"},"headline":"Con la salsa m\u00e1s de moda que nunca, arranca la campa\u00f1a del Megadancers y Salsa Open","datePublished":"2023-05-15T07:00:40+00:00","dateModified":"2024-01-26T19:23:06+00:00","mainEntityOfPage":{"@id":"https:\/\/www.megadancers.com\/megadancers-salsa-open\/"},"wordCount":521,"publisher":{"@id":"https:\/\/www.megadancers.com\/#organization"},"image":{"@id":"https:\/\/www.megadancers.com\/megadancers-salsa-open\/#primaryimage"},"thumbnailUrl":"https:\/\/www.megadancers.com\/wp-content\/uploads\/2023\/05\/Cartel-Canarias-Salsa-Open-2023--scaled.jpg","keywords":["bailar salsa","MegaDancers","Santa Cruz de Tenerife"],"articleSection":["Noticias"],"inLanguage":"de"},{"@type":"WebPage","@id":"https:\/\/www.megadancers.com\/megadancers-salsa-open\/","url":"https:\/\/www.megadancers.com\/megadancers-salsa-open\/","name":"Con la salsa m\u00e1s de moda que nunca, arranca la campa\u00f1a del Megadancers y Salsa Open - MegaDancers: European Salsa League","isPartOf":{"@id":"https:\/\/www.megadancers.com\/#website"},"primaryImageOfPage":{"@id":"https:\/\/www.megadancers.com\/megadancers-salsa-open\/#primaryimage"},"image":{"@id":"https:\/\/www.megadancers.com\/megadancers-salsa-open\/#primaryimage"},"thumbnailUrl":"https:\/\/www.megadancers.com\/wp-content\/uploads\/2023\/05\/Cartel-Canarias-Salsa-Open-2023--scaled.jpg","datePublished":"2023-05-15T07:00:40+00:00","dateModified":"2024-01-26T19:23:06+00:00","breadcrumb":{"@id":"https:\/\/www.megadancers.com\/megadancers-salsa-open\/#breadcrumb"},"inLanguage":"de","potentialAction":[{"@type":"ReadAction","target":["https:\/\/www.megadancers.com\/megadancers-salsa-open\/"]}]},{"@type":"ImageObject","inLanguage":"de","@id":"https:\/\/www.megadancers.com\/megadancers-salsa-open\/#primaryimage","url":"https:\/\/www.megadancers.com\/wp-content\/uploads\/2023\/05\/Cartel-Canarias-Salsa-Open-2023--scaled.jpg","contentUrl":"https:\/\/www.megadancers.com\/wp-content\/uploads\/2023\/05\/Cartel-Canarias-Salsa-Open-2023--scaled.jpg","width":1708,"height":2560},{"@type":"BreadcrumbList","@id":"https:\/\/www.megadancers.com\/megadancers-salsa-open\/#breadcrumb","itemListElement":[{"@type":"ListItem","position":1,"name":"Inicio","item":"https:\/\/www.megadancers.com\/"},{"@type":"ListItem","position":2,"name":"Con la salsa m\u00e1s de moda que nunca, arranca la campa\u00f1a del Megadancers y Salsa Open"}]},{"@type":"WebSite","@id":"https:\/\/www.megadancers.com\/#website","url":"https:\/\/www.megadancers.com\/","name":"MegaDancers: Europ\u00e4ische Salsa-Liga","description":"Salsa-Tanzwettbewerb f\u00fcr Paare und Solisten","publisher":{"@id":"https:\/\/www.megadancers.com\/#organization"},"alternateName":"Megadancers","potentialAction":[{"@type":"SearchAction","target":{"@type":"EntryPoint","urlTemplate":"https:\/\/www.megadancers.com\/?s={search_term_string}"},"query-input":{"@type":"PropertyValueSpecification","valueRequired":true,"valueName":"search_term_string"}}],"inLanguage":"de"},{"@type":"Organization","@id":"https:\/\/www.megadancers.com\/#organization","name":"MegaDancers","url":"https:\/\/www.megadancers.com\/","logo":{"@type":"ImageObject","inLanguage":"de","@id":"https:\/\/www.megadancers.com\/#\/schema\/logo\/image\/","url":"https:\/\/www.megadancers.com\/wp-content\/uploads\/2023\/06\/Logo-MegaDancersSEO.png","contentUrl":"https:\/\/www.megadancers.com\/wp-content\/uploads\/2023\/06\/Logo-MegaDancersSEO.png","width":512,"height":512,"caption":"MegaDancers"},"image":{"@id":"https:\/\/www.megadancers.com\/#\/schema\/logo\/image\/"},"sameAs":["https:\/\/www.facebook.com\/CanariasSalsaOpen\/","https:\/\/www.instagram.com\/salsaopencanarias\/"]},{"@type":"Person","@id":"https:\/\/www.megadancers.com\/#\/schema\/person\/3a5a64bd36fa8a0790e85d4cb57e5cd0","name":"admin","image":{"@type":"ImageObject","inLanguage":"de","@id":"https:\/\/secure.gravatar.com\/avatar\/2aa33298fd6793ab4d9e378d2dc589af001fa4751581af51ba594db128bd3c99?s=96&d=mm&r=g","url":"https:\/\/secure.gravatar.com\/avatar\/2aa33298fd6793ab4d9e378d2dc589af001fa4751581af51ba594db128bd3c99?s=96&d=mm&r=g","contentUrl":"https:\/\/secure.gravatar.com\/avatar\/2aa33298fd6793ab4d9e378d2dc589af001fa4751581af51ba594db128bd3c99?s=96&d=mm&r=g","caption":"admin"},"sameAs":["https:\/\/megadancers.com"],"url":"https:\/\/www.megadancers.com\/de\/author\/root_hcoh9yj2\/"}]}},"_links":{"self":[{"href":"https:\/\/www.megadancers.com\/de\/wp-json\/wp\/v2\/posts\/103","targetHints":{"allow":["GET"]}}],"collection":[{"href":"https:\/\/www.megadancers.com\/de\/wp-json\/wp\/v2\/posts"}],"about":[{"href":"https:\/\/www.megadancers.com\/de\/wp-json\/wp\/v2\/types\/post"}],"author":[{"embeddable":true,"href":"https:\/\/www.megadancers.com\/de\/wp-json\/wp\/v2\/users\/1"}],"replies":[{"embeddable":true,"href":"https:\/\/www.megadancers.com\/de\/wp-json\/wp\/v2\/comments?post=103"}],"version-history":[{"count":0,"href":"https:\/\/www.megadancers.com\/de\/wp-json\/wp\/v2\/posts\/103\/revisions"}],"wp:featuredmedia":[{"embeddable":true,"href":"https:\/\/www.megadancers.com\/de\/wp-json\/wp\/v2\/media\/6417"}],"wp:attachment":[{"href":"https:\/\/www.megadancers.com\/de\/wp-json\/wp\/v2\/media?parent=103"}],"wp:term":[{"taxonomy":"category","embeddable":true,"href":"https:\/\/www.megadancers.com\/de\/wp-json\/wp\/v2\/categories?post=103"},{"taxonomy":"post_tag","embeddable":true,"href":"https:\/\/www.megadancers.com\/de\/wp-json\/wp\/v2\/tags?post=103"}],"curies":[{"name":"wp","href":"https:\/\/api.w.org\/{rel}","templated":true}]}}