{"id":6441,"date":"2023-08-22T00:06:05","date_gmt":"2023-08-21T23:06:05","guid":{"rendered":"https:\/\/www.megadancers.com\/?p=6441"},"modified":"2024-01-26T19:23:05","modified_gmt":"2024-01-26T19:23:05","slug":"aplazado-el-evento-canarias-salsa-open-y-megadancers-2023","status":"publish","type":"post","link":"https:\/\/www.megadancers.com\/de\/aplazado-el-evento-canarias-salsa-open-y-megadancers-2023\/","title":{"rendered":"* * * Canarias Salsa Open und Megadancers 2023 sind verschoben worden * * * * * * *"},"content":{"rendered":"<p><strong><span style=\"font-size: large;\">OFFIZIELLES KOMMUNIQU\u00c9<\/span><\/strong><\/p>\n<p align=\"JUSTIFY\"><span style=\"font-size: large;\">Die Organisation der Canarias Salsa Open und der Megadancers Salsa League 2023 teilt mit, dass wir die f\u00fcr den 1. bis 3. September geplante Veranstaltung verschieben m\u00fcssen.<\/span><\/p>\n<p align=\"JUSTIFY\"><span style=\"font-size: large;\">Nach sorgf\u00e4ltiger Pr\u00fcfung der Situation und unter Ber\u00fccksichtigung des Wechsels des Tagungsortes von Puerto de la Cruz nach Santa Cruz de Tenerife sowie der Schwierigkeiten, die notwendige Infrastruktur und Ausr\u00fcstung rechtzeitig zu beschaffen, sind wir zu dem Schluss gekommen, dass die beste Option darin besteht, die Durchf\u00fchrung dieser Tagung zu verschieben, um ihren Erfolg zu gew\u00e4hrleisten.<\/span><\/p>\n<p align=\"JUSTIFY\"><span style=\"font-size: large;\">Diese Entscheidung wurde nach R\u00fccksprache mit den Sponsoren getroffen, insbesondere mit denen der Stadt, in der die Veranstaltung definitiv stattfinden wird, dem Stadtrat von Santa Cruz de Tenerife und der Entwicklungsgesellschaft. Die Protagonisten der Veranstaltung, die Teilnehmer aus den Kanarischen Inseln und den europ\u00e4ischen L\u00e4ndern, wurden ebenfalls konsultiert, und wir danken ihnen \u00f6ffentlich f\u00fcr ihre Unterst\u00fctzung und ihr Interesse an der Teilnahme trotz der Terminverschiebung.<\/span><\/p>\n<p align=\"JUSTIFY\"><span style=\"font-size: large;\">Da wir uns der Qualit\u00e4t und Exzellenz unserer Produktionen verpflichtet f\u00fchlen, haben wir es uns zur Aufgabe gemacht, einen neuen Termin zu finden, der den Bed\u00fcrfnissen und der Verf\u00fcgbarkeit aller Beteiligten entspricht. Wir werden den endg\u00fcltigen Termin in den n\u00e4chsten Tagen best\u00e4tigen k\u00f6nnen. Wir werden Sie rechtzeitig informieren, damit Sie Ihren Terminkalender umstellen und uns bei diesem Erlebnis begleiten k\u00f6nnen.<\/span><\/p>\n<p align=\"JUSTIFY\"><span style=\"font-size: large;\">Wir hoffen, dass Sie diese Entscheidung verstehen werden. Wir wissen, dass an diese Feier Erwartungen gekn\u00fcpft wurden, und wir entschuldigen uns f\u00fcr alle Unannehmlichkeiten, die Ihnen dadurch entstehen k\u00f6nnten. Alle geplanten Aktivit\u00e4ten und Wettbewerbe werden beibehalten. Die gekauften Eintrittskarten sind f\u00fcr den neuen Termin g\u00fcltig.<\/span><\/p>\n<p align=\"JUSTIFY\"><span style=\"font-size: large;\">Wir danken Ihnen f\u00fcr Ihre Unterst\u00fctzung und Ihre Geduld w\u00e4hrend der Verschiebung des Termins und sind zuversichtlich, dass die Veranstaltung, sobald sie stattfindet, alle Ihre Erwartungen \u00fcbertreffen wird.<\/span><\/p>","protected":false},"excerpt":{"rendered":"<p>OFFIZIELLE MITTEILUNG Die Organisation der Canarias Salsa Open und der Megadancers Salsa League 2023 teilt mit, dass wir die f\u00fcr den 1. bis 3. September geplante Veranstaltung verschieben m\u00fcssen. Nach einer sorgf\u00e4ltigen Bewertung der [...]<\/p>","protected":false},"author":1,"featured_media":6442,"comment_status":"closed","ping_status":"closed","sticky":false,"template":"","format":"standard","meta":{"footnotes":""},"categories":[31],"tags":[201,55,57],"class_list":["post-6441","post","type-post","status-publish","format-standard","has-post-thumbnail","hentry","category-noticias","tag-canarias-salsa-open-2023","tag-megadancers-european-salsa-league","tag-santa-cruz-de-tenerife"],"yoast_head":"<!-- This site is optimized with the Yoast SEO plugin v27.4 - https:\/\/yoast.com\/product\/yoast-seo-wordpress\/ -->\n<title>* * * Aplazado el evento Canarias Salsa Open y Megadancers 2023 * * * - MegaDancers: European Salsa League<\/title>\n<meta name=\"robots\" content=\"index, follow, max-snippet:-1, max-image-preview:large, max-video-preview:-1\" \/>\n<link rel=\"canonical\" href=\"https:\/\/www.megadancers.com\/de\/aplazado-el-evento-canarias-salsa-open-y-megadancers-2023\/\" \/>\n<meta property=\"og:locale\" content=\"de_DE\" \/>\n<meta property=\"og:type\" content=\"article\" \/>\n<meta property=\"og:title\" content=\"* * * Aplazado el evento Canarias Salsa Open y Megadancers 2023 * * * - MegaDancers: European Salsa League\" \/>\n<meta property=\"og:description\" content=\"COMUNICADO OFICIAL La organizaci\u00f3n del Canarias Salsa Open y Megadancers Salsa League 2023 informa que nos vemos en la necesidad de aplazar el evento que ten\u00edamos previsto para los d\u00edas 1 al 3 de septiembre. Despu\u00e9s de evaluar cuidadosamente la [&hellip;]\" \/>\n<meta property=\"og:url\" content=\"https:\/\/www.megadancers.com\/de\/aplazado-el-evento-canarias-salsa-open-y-megadancers-2023\/\" \/>\n<meta property=\"og:site_name\" content=\"MegaDancers: European Salsa League\" \/>\n<meta property=\"article:publisher\" content=\"https:\/\/www.facebook.com\/CanariasSalsaOpen\/\" \/>\n<meta property=\"article:published_time\" content=\"2023-08-21T23:06:05+00:00\" \/>\n<meta property=\"article:modified_time\" content=\"2024-01-26T19:23:05+00:00\" \/>\n<meta property=\"og:image\" content=\"https:\/\/www.megadancers.com\/wp-content\/uploads\/2023\/08\/Promo_Aplazamiento21082023.jpg\" \/>\n\t<meta property=\"og:image:width\" content=\"960\" \/>\n\t<meta property=\"og:image:height\" content=\"960\" \/>\n\t<meta property=\"og:image:type\" content=\"image\/jpeg\" \/>\n<meta name=\"author\" content=\"admin\" \/>\n<meta name=\"twitter:card\" content=\"summary_large_image\" \/>\n<meta name=\"twitter:label1\" content=\"Verfasst von\" \/>\n\t<meta name=\"twitter:data1\" content=\"admin\" \/>\n\t<meta name=\"twitter:label2\" content=\"Gesch\u00e4tzte Lesezeit\" \/>\n\t<meta name=\"twitter:data2\" content=\"2\u00a0Minuten\" \/>\n<script type=\"application\/ld+json\" class=\"yoast-schema-graph\">{\"@context\":\"https:\\\/\\\/schema.org\",\"@graph\":[{\"@type\":\"Article\",\"@id\":\"https:\\\/\\\/www.megadancers.com\\\/aplazado-el-evento-canarias-salsa-open-y-megadancers-2023\\\/#article\",\"isPartOf\":{\"@id\":\"https:\\\/\\\/www.megadancers.com\\\/aplazado-el-evento-canarias-salsa-open-y-megadancers-2023\\\/\"},\"author\":{\"name\":\"admin\",\"@id\":\"https:\\\/\\\/www.megadancers.com\\\/#\\\/schema\\\/person\\\/3a5a64bd36fa8a0790e85d4cb57e5cd0\"},\"headline\":\"* * * Aplazado el evento Canarias Salsa Open y Megadancers 2023 * * *\",\"datePublished\":\"2023-08-21T23:06:05+00:00\",\"dateModified\":\"2024-01-26T19:23:05+00:00\",\"mainEntityOfPage\":{\"@id\":\"https:\\\/\\\/www.megadancers.com\\\/aplazado-el-evento-canarias-salsa-open-y-megadancers-2023\\\/\"},\"wordCount\":319,\"publisher\":{\"@id\":\"https:\\\/\\\/www.megadancers.com\\\/#organization\"},\"image\":{\"@id\":\"https:\\\/\\\/www.megadancers.com\\\/aplazado-el-evento-canarias-salsa-open-y-megadancers-2023\\\/#primaryimage\"},\"thumbnailUrl\":\"https:\\\/\\\/www.megadancers.com\\\/wp-content\\\/uploads\\\/2023\\\/08\\\/Promo_Aplazamiento21082023.jpg\",\"keywords\":[\"Canarias Salsa Open 2023\",\"MegaDancers: European Salsa League\",\"Santa Cruz de Tenerife\"],\"articleSection\":[\"Noticias\"],\"inLanguage\":\"de\"},{\"@type\":\"WebPage\",\"@id\":\"https:\\\/\\\/www.megadancers.com\\\/aplazado-el-evento-canarias-salsa-open-y-megadancers-2023\\\/\",\"url\":\"https:\\\/\\\/www.megadancers.com\\\/aplazado-el-evento-canarias-salsa-open-y-megadancers-2023\\\/\",\"name\":\"* * * Aplazado el evento Canarias Salsa Open y Megadancers 2023 * * * - MegaDancers: European Salsa League\",\"isPartOf\":{\"@id\":\"https:\\\/\\\/www.megadancers.com\\\/#website\"},\"primaryImageOfPage\":{\"@id\":\"https:\\\/\\\/www.megadancers.com\\\/aplazado-el-evento-canarias-salsa-open-y-megadancers-2023\\\/#primaryimage\"},\"image\":{\"@id\":\"https:\\\/\\\/www.megadancers.com\\\/aplazado-el-evento-canarias-salsa-open-y-megadancers-2023\\\/#primaryimage\"},\"thumbnailUrl\":\"https:\\\/\\\/www.megadancers.com\\\/wp-content\\\/uploads\\\/2023\\\/08\\\/Promo_Aplazamiento21082023.jpg\",\"datePublished\":\"2023-08-21T23:06:05+00:00\",\"dateModified\":\"2024-01-26T19:23:05+00:00\",\"breadcrumb\":{\"@id\":\"https:\\\/\\\/www.megadancers.com\\\/aplazado-el-evento-canarias-salsa-open-y-megadancers-2023\\\/#breadcrumb\"},\"inLanguage\":\"de\",\"potentialAction\":[{\"@type\":\"ReadAction\",\"target\":[\"https:\\\/\\\/www.megadancers.com\\\/aplazado-el-evento-canarias-salsa-open-y-megadancers-2023\\\/\"]}]},{\"@type\":\"ImageObject\",\"inLanguage\":\"de\",\"@id\":\"https:\\\/\\\/www.megadancers.com\\\/aplazado-el-evento-canarias-salsa-open-y-megadancers-2023\\\/#primaryimage\",\"url\":\"https:\\\/\\\/www.megadancers.com\\\/wp-content\\\/uploads\\\/2023\\\/08\\\/Promo_Aplazamiento21082023.jpg\",\"contentUrl\":\"https:\\\/\\\/www.megadancers.com\\\/wp-content\\\/uploads\\\/2023\\\/08\\\/Promo_Aplazamiento21082023.jpg\",\"width\":960,\"height\":960},{\"@type\":\"BreadcrumbList\",\"@id\":\"https:\\\/\\\/www.megadancers.com\\\/aplazado-el-evento-canarias-salsa-open-y-megadancers-2023\\\/#breadcrumb\",\"itemListElement\":[{\"@type\":\"ListItem\",\"position\":1,\"name\":\"Inicio\",\"item\":\"https:\\\/\\\/www.megadancers.com\\\/\"},{\"@type\":\"ListItem\",\"position\":2,\"name\":\"* * * Aplazado el evento Canarias Salsa Open y Megadancers 2023 * * *\"}]},{\"@type\":\"WebSite\",\"@id\":\"https:\\\/\\\/www.megadancers.com\\\/#website\",\"url\":\"https:\\\/\\\/www.megadancers.com\\\/\",\"name\":\"MegaDancers: European Salsa League\",\"description\":\"Competencia de baile de salsa en pareja y solistas\",\"publisher\":{\"@id\":\"https:\\\/\\\/www.megadancers.com\\\/#organization\"},\"alternateName\":\"Megadancers\",\"potentialAction\":[{\"@type\":\"SearchAction\",\"target\":{\"@type\":\"EntryPoint\",\"urlTemplate\":\"https:\\\/\\\/www.megadancers.com\\\/?s={search_term_string}\"},\"query-input\":{\"@type\":\"PropertyValueSpecification\",\"valueRequired\":true,\"valueName\":\"search_term_string\"}}],\"inLanguage\":\"de\"},{\"@type\":\"Organization\",\"@id\":\"https:\\\/\\\/www.megadancers.com\\\/#organization\",\"name\":\"MegaDancers\",\"url\":\"https:\\\/\\\/www.megadancers.com\\\/\",\"logo\":{\"@type\":\"ImageObject\",\"inLanguage\":\"de\",\"@id\":\"https:\\\/\\\/www.megadancers.com\\\/#\\\/schema\\\/logo\\\/image\\\/\",\"url\":\"https:\\\/\\\/www.megadancers.com\\\/wp-content\\\/uploads\\\/2023\\\/06\\\/Logo-MegaDancersSEO.png\",\"contentUrl\":\"https:\\\/\\\/www.megadancers.com\\\/wp-content\\\/uploads\\\/2023\\\/06\\\/Logo-MegaDancersSEO.png\",\"width\":512,\"height\":512,\"caption\":\"MegaDancers\"},\"image\":{\"@id\":\"https:\\\/\\\/www.megadancers.com\\\/#\\\/schema\\\/logo\\\/image\\\/\"},\"sameAs\":[\"https:\\\/\\\/www.facebook.com\\\/CanariasSalsaOpen\\\/\",\"https:\\\/\\\/www.instagram.com\\\/salsaopencanarias\\\/\"]},{\"@type\":\"Person\",\"@id\":\"https:\\\/\\\/www.megadancers.com\\\/#\\\/schema\\\/person\\\/3a5a64bd36fa8a0790e85d4cb57e5cd0\",\"name\":\"admin\",\"image\":{\"@type\":\"ImageObject\",\"inLanguage\":\"de\",\"@id\":\"https:\\\/\\\/secure.gravatar.com\\\/avatar\\\/2aa33298fd6793ab4d9e378d2dc589af001fa4751581af51ba594db128bd3c99?s=96&d=mm&r=g\",\"url\":\"https:\\\/\\\/secure.gravatar.com\\\/avatar\\\/2aa33298fd6793ab4d9e378d2dc589af001fa4751581af51ba594db128bd3c99?s=96&d=mm&r=g\",\"contentUrl\":\"https:\\\/\\\/secure.gravatar.com\\\/avatar\\\/2aa33298fd6793ab4d9e378d2dc589af001fa4751581af51ba594db128bd3c99?s=96&d=mm&r=g\",\"caption\":\"admin\"},\"sameAs\":[\"https:\\\/\\\/megadancers.com\"],\"url\":\"https:\\\/\\\/www.megadancers.com\\\/de\\\/author\\\/root_hcoh9yj2\\\/\"}]}<\/script>\n<!-- \/ Yoast SEO plugin. -->","yoast_head_json":{"title":"* * * Aplazado el evento Canarias Salsa Open y Megadancers 2023 * * * - MegaDancers: European Salsa League","robots":{"index":"index","follow":"follow","max-snippet":"max-snippet:-1","max-image-preview":"max-image-preview:large","max-video-preview":"max-video-preview:-1"},"canonical":"https:\/\/www.megadancers.com\/de\/aplazado-el-evento-canarias-salsa-open-y-megadancers-2023\/","og_locale":"de_DE","og_type":"article","og_title":"* * * Aplazado el evento Canarias Salsa Open y Megadancers 2023 * * * - MegaDancers: European Salsa League","og_description":"COMUNICADO OFICIAL La organizaci\u00f3n del Canarias Salsa Open y Megadancers Salsa League 2023 informa que nos vemos en la necesidad de aplazar el evento que ten\u00edamos previsto para los d\u00edas 1 al 3 de septiembre. Despu\u00e9s de evaluar cuidadosamente la [&hellip;]","og_url":"https:\/\/www.megadancers.com\/de\/aplazado-el-evento-canarias-salsa-open-y-megadancers-2023\/","og_site_name":"MegaDancers: European Salsa League","article_publisher":"https:\/\/www.facebook.com\/CanariasSalsaOpen\/","article_published_time":"2023-08-21T23:06:05+00:00","article_modified_time":"2024-01-26T19:23:05+00:00","og_image":[{"width":960,"height":960,"url":"https:\/\/www.megadancers.com\/wp-content\/uploads\/2023\/08\/Promo_Aplazamiento21082023.jpg","type":"image\/jpeg"}],"author":"admin","twitter_card":"summary_large_image","twitter_misc":{"Verfasst von":"admin","Gesch\u00e4tzte Lesezeit":"2\u00a0Minuten"},"schema":{"@context":"https:\/\/schema.org","@graph":[{"@type":"Article","@id":"https:\/\/www.megadancers.com\/aplazado-el-evento-canarias-salsa-open-y-megadancers-2023\/#article","isPartOf":{"@id":"https:\/\/www.megadancers.com\/aplazado-el-evento-canarias-salsa-open-y-megadancers-2023\/"},"author":{"name":"admin","@id":"https:\/\/www.megadancers.com\/#\/schema\/person\/3a5a64bd36fa8a0790e85d4cb57e5cd0"},"headline":"* * * Aplazado el evento Canarias Salsa Open y Megadancers 2023 * * *","datePublished":"2023-08-21T23:06:05+00:00","dateModified":"2024-01-26T19:23:05+00:00","mainEntityOfPage":{"@id":"https:\/\/www.megadancers.com\/aplazado-el-evento-canarias-salsa-open-y-megadancers-2023\/"},"wordCount":319,"publisher":{"@id":"https:\/\/www.megadancers.com\/#organization"},"image":{"@id":"https:\/\/www.megadancers.com\/aplazado-el-evento-canarias-salsa-open-y-megadancers-2023\/#primaryimage"},"thumbnailUrl":"https:\/\/www.megadancers.com\/wp-content\/uploads\/2023\/08\/Promo_Aplazamiento21082023.jpg","keywords":["Canarias Salsa Open 2023","MegaDancers: European Salsa League","Santa Cruz de Tenerife"],"articleSection":["Noticias"],"inLanguage":"de"},{"@type":"WebPage","@id":"https:\/\/www.megadancers.com\/aplazado-el-evento-canarias-salsa-open-y-megadancers-2023\/","url":"https:\/\/www.megadancers.com\/aplazado-el-evento-canarias-salsa-open-y-megadancers-2023\/","name":"* * * Aplazado el evento Canarias Salsa Open y Megadancers 2023 * * * - MegaDancers: European Salsa League","isPartOf":{"@id":"https:\/\/www.megadancers.com\/#website"},"primaryImageOfPage":{"@id":"https:\/\/www.megadancers.com\/aplazado-el-evento-canarias-salsa-open-y-megadancers-2023\/#primaryimage"},"image":{"@id":"https:\/\/www.megadancers.com\/aplazado-el-evento-canarias-salsa-open-y-megadancers-2023\/#primaryimage"},"thumbnailUrl":"https:\/\/www.megadancers.com\/wp-content\/uploads\/2023\/08\/Promo_Aplazamiento21082023.jpg","datePublished":"2023-08-21T23:06:05+00:00","dateModified":"2024-01-26T19:23:05+00:00","breadcrumb":{"@id":"https:\/\/www.megadancers.com\/aplazado-el-evento-canarias-salsa-open-y-megadancers-2023\/#breadcrumb"},"inLanguage":"de","potentialAction":[{"@type":"ReadAction","target":["https:\/\/www.megadancers.com\/aplazado-el-evento-canarias-salsa-open-y-megadancers-2023\/"]}]},{"@type":"ImageObject","inLanguage":"de","@id":"https:\/\/www.megadancers.com\/aplazado-el-evento-canarias-salsa-open-y-megadancers-2023\/#primaryimage","url":"https:\/\/www.megadancers.com\/wp-content\/uploads\/2023\/08\/Promo_Aplazamiento21082023.jpg","contentUrl":"https:\/\/www.megadancers.com\/wp-content\/uploads\/2023\/08\/Promo_Aplazamiento21082023.jpg","width":960,"height":960},{"@type":"BreadcrumbList","@id":"https:\/\/www.megadancers.com\/aplazado-el-evento-canarias-salsa-open-y-megadancers-2023\/#breadcrumb","itemListElement":[{"@type":"ListItem","position":1,"name":"Inicio","item":"https:\/\/www.megadancers.com\/"},{"@type":"ListItem","position":2,"name":"* * * Aplazado el evento Canarias Salsa Open y Megadancers 2023 * * *"}]},{"@type":"WebSite","@id":"https:\/\/www.megadancers.com\/#website","url":"https:\/\/www.megadancers.com\/","name":"MegaDancers: Europ\u00e4ische Salsa-Liga","description":"Salsa-Tanzwettbewerb f\u00fcr Paare und Solisten","publisher":{"@id":"https:\/\/www.megadancers.com\/#organization"},"alternateName":"Megadancers","potentialAction":[{"@type":"SearchAction","target":{"@type":"EntryPoint","urlTemplate":"https:\/\/www.megadancers.com\/?s={search_term_string}"},"query-input":{"@type":"PropertyValueSpecification","valueRequired":true,"valueName":"search_term_string"}}],"inLanguage":"de"},{"@type":"Organization","@id":"https:\/\/www.megadancers.com\/#organization","name":"MegaDancers","url":"https:\/\/www.megadancers.com\/","logo":{"@type":"ImageObject","inLanguage":"de","@id":"https:\/\/www.megadancers.com\/#\/schema\/logo\/image\/","url":"https:\/\/www.megadancers.com\/wp-content\/uploads\/2023\/06\/Logo-MegaDancersSEO.png","contentUrl":"https:\/\/www.megadancers.com\/wp-content\/uploads\/2023\/06\/Logo-MegaDancersSEO.png","width":512,"height":512,"caption":"MegaDancers"},"image":{"@id":"https:\/\/www.megadancers.com\/#\/schema\/logo\/image\/"},"sameAs":["https:\/\/www.facebook.com\/CanariasSalsaOpen\/","https:\/\/www.instagram.com\/salsaopencanarias\/"]},{"@type":"Person","@id":"https:\/\/www.megadancers.com\/#\/schema\/person\/3a5a64bd36fa8a0790e85d4cb57e5cd0","name":"admin","image":{"@type":"ImageObject","inLanguage":"de","@id":"https:\/\/secure.gravatar.com\/avatar\/2aa33298fd6793ab4d9e378d2dc589af001fa4751581af51ba594db128bd3c99?s=96&d=mm&r=g","url":"https:\/\/secure.gravatar.com\/avatar\/2aa33298fd6793ab4d9e378d2dc589af001fa4751581af51ba594db128bd3c99?s=96&d=mm&r=g","contentUrl":"https:\/\/secure.gravatar.com\/avatar\/2aa33298fd6793ab4d9e378d2dc589af001fa4751581af51ba594db128bd3c99?s=96&d=mm&r=g","caption":"admin"},"sameAs":["https:\/\/megadancers.com"],"url":"https:\/\/www.megadancers.com\/de\/author\/root_hcoh9yj2\/"}]}},"_links":{"self":[{"href":"https:\/\/www.megadancers.com\/de\/wp-json\/wp\/v2\/posts\/6441","targetHints":{"allow":["GET"]}}],"collection":[{"href":"https:\/\/www.megadancers.com\/de\/wp-json\/wp\/v2\/posts"}],"about":[{"href":"https:\/\/www.megadancers.com\/de\/wp-json\/wp\/v2\/types\/post"}],"author":[{"embeddable":true,"href":"https:\/\/www.megadancers.com\/de\/wp-json\/wp\/v2\/users\/1"}],"replies":[{"embeddable":true,"href":"https:\/\/www.megadancers.com\/de\/wp-json\/wp\/v2\/comments?post=6441"}],"version-history":[{"count":0,"href":"https:\/\/www.megadancers.com\/de\/wp-json\/wp\/v2\/posts\/6441\/revisions"}],"wp:featuredmedia":[{"embeddable":true,"href":"https:\/\/www.megadancers.com\/de\/wp-json\/wp\/v2\/media\/6442"}],"wp:attachment":[{"href":"https:\/\/www.megadancers.com\/de\/wp-json\/wp\/v2\/media?parent=6441"}],"wp:term":[{"taxonomy":"category","embeddable":true,"href":"https:\/\/www.megadancers.com\/de\/wp-json\/wp\/v2\/categories?post=6441"},{"taxonomy":"post_tag","embeddable":true,"href":"https:\/\/www.megadancers.com\/de\/wp-json\/wp\/v2\/tags?post=6441"}],"curies":[{"name":"wp","href":"https:\/\/api.w.org\/{rel}","templated":true}]}}