{"id":6441,"date":"2023-08-22T00:06:05","date_gmt":"2023-08-21T23:06:05","guid":{"rendered":"https:\/\/www.megadancers.com\/?p=6441"},"modified":"2024-01-26T19:23:05","modified_gmt":"2024-01-26T19:23:05","slug":"aplazado-el-evento-canarias-salsa-open-y-megadancers-2023","status":"publish","type":"post","link":"https:\/\/www.megadancers.com\/en\/aplazado-el-evento-canarias-salsa-open-y-megadancers-2023\/","title":{"rendered":"* * * Canarias Salsa Open and Megadancers 2023 have been postponed * * * * * * *"},"content":{"rendered":"<p><strong><span style=\"font-size: large;\">OFFICIAL COMMUNIQU\u00c9<\/span><\/strong><\/p>\n<p align=\"JUSTIFY\"><span style=\"font-size: large;\">The organisation of the Canarias Salsa Open and Megadancers Salsa League 2023 informs that we have to postpone the event we had planned for the 1st to the 3rd of September.<\/span><\/p>\n<p align=\"JUSTIFY\"><span style=\"font-size: large;\">After carefully assessing the situation and considering the change of venue from Puerto de la Cruz to Santa Cruz de Tenerife, as well as the difficulties in obtaining the necessary infrastructure and equipment in time, we have come to the conclusion that the best option is to postpone the holding of this meeting in order to ensure its success.<\/span><\/p>\n<p align=\"JUSTIFY\"><span style=\"font-size: large;\">The decision was taken after consultation with the sponsors, especially with those of the city in which it will definitely be held, the City Council of Santa Cruz de Tenerife and the Development Society. The protagonists of the event, competitors from the Canary Islands and European countries, were also consulted and we thank them publicly for their support and interest in participating despite the change of date.<\/span><\/p>\n<p align=\"JUSTIFY\"><span style=\"font-size: large;\">We are committed to the quality and excellence of our productions, so we have set ourselves the task of finding a new date that suits the needs and availability of all those involved. We will be able to confirm the final date in the next few days. We will inform you in due time so that you can rearrange your agendas and join us in this experience.<\/span><\/p>\n<p align=\"JUSTIFY\"><span style=\"font-size: large;\">We hope you will understand this decision. We know that expectations had been raised around this celebration and we apologise for any inconvenience this may cause you. All scheduled activities and competitions will be maintained. Tickets purchased will be valid for the new date.<\/span><\/p>\n<p align=\"JUSTIFY\"><span style=\"font-size: large;\">We thank you for your support and patience during this rescheduling process and are confident that the event, once held, will exceed all your expectations.<\/span><\/p>","protected":false},"excerpt":{"rendered":"<p>OFFICIAL COMMUNICATION The organisation of the Canarias Salsa Open and Megadancers Salsa League 2023 informs that we have to postpone the event we had planned for the 1st to the 3rd of September. After a careful evaluation of the [...]<\/p>","protected":false},"author":1,"featured_media":6442,"comment_status":"closed","ping_status":"closed","sticky":false,"template":"","format":"standard","meta":{"footnotes":""},"categories":[31],"tags":[201,55,57],"class_list":["post-6441","post","type-post","status-publish","format-standard","has-post-thumbnail","hentry","category-noticias","tag-canarias-salsa-open-2023","tag-megadancers-european-salsa-league","tag-santa-cruz-de-tenerife"],"yoast_head":"<!-- This site is optimized with the Yoast SEO plugin v27.4 - https:\/\/yoast.com\/product\/yoast-seo-wordpress\/ -->\n<title>* * * Aplazado el evento Canarias Salsa Open y Megadancers 2023 * * * - MegaDancers: European Salsa League<\/title>\n<meta name=\"robots\" content=\"index, follow, max-snippet:-1, max-image-preview:large, max-video-preview:-1\" \/>\n<link rel=\"canonical\" href=\"https:\/\/www.megadancers.com\/en\/aplazado-el-evento-canarias-salsa-open-y-megadancers-2023\/\" \/>\n<meta property=\"og:locale\" content=\"en_GB\" \/>\n<meta property=\"og:type\" content=\"article\" \/>\n<meta property=\"og:title\" content=\"* * * Aplazado el evento Canarias Salsa Open y Megadancers 2023 * * * - MegaDancers: European Salsa League\" \/>\n<meta property=\"og:description\" content=\"COMUNICADO OFICIAL La organizaci\u00f3n del Canarias Salsa Open y Megadancers Salsa League 2023 informa que nos vemos en la necesidad de aplazar el evento que ten\u00edamos previsto para los d\u00edas 1 al 3 de septiembre. Despu\u00e9s de evaluar cuidadosamente la [&hellip;]\" \/>\n<meta property=\"og:url\" content=\"https:\/\/www.megadancers.com\/en\/aplazado-el-evento-canarias-salsa-open-y-megadancers-2023\/\" \/>\n<meta property=\"og:site_name\" content=\"MegaDancers: European Salsa League\" \/>\n<meta property=\"article:publisher\" content=\"https:\/\/www.facebook.com\/CanariasSalsaOpen\/\" \/>\n<meta property=\"article:published_time\" content=\"2023-08-21T23:06:05+00:00\" \/>\n<meta property=\"article:modified_time\" content=\"2024-01-26T19:23:05+00:00\" \/>\n<meta property=\"og:image\" content=\"https:\/\/www.megadancers.com\/wp-content\/uploads\/2023\/08\/Promo_Aplazamiento21082023.jpg\" \/>\n\t<meta property=\"og:image:width\" content=\"960\" \/>\n\t<meta property=\"og:image:height\" content=\"960\" \/>\n\t<meta property=\"og:image:type\" content=\"image\/jpeg\" \/>\n<meta name=\"author\" content=\"admin\" \/>\n<meta name=\"twitter:card\" content=\"summary_large_image\" \/>\n<meta name=\"twitter:label1\" content=\"Written by\" \/>\n\t<meta name=\"twitter:data1\" content=\"admin\" \/>\n\t<meta name=\"twitter:label2\" content=\"Estimated reading time\" \/>\n\t<meta name=\"twitter:data2\" content=\"2 minutes\" \/>\n<script type=\"application\/ld+json\" class=\"yoast-schema-graph\">{\"@context\":\"https:\\\/\\\/schema.org\",\"@graph\":[{\"@type\":\"Article\",\"@id\":\"https:\\\/\\\/www.megadancers.com\\\/aplazado-el-evento-canarias-salsa-open-y-megadancers-2023\\\/#article\",\"isPartOf\":{\"@id\":\"https:\\\/\\\/www.megadancers.com\\\/aplazado-el-evento-canarias-salsa-open-y-megadancers-2023\\\/\"},\"author\":{\"name\":\"admin\",\"@id\":\"https:\\\/\\\/www.megadancers.com\\\/#\\\/schema\\\/person\\\/3a5a64bd36fa8a0790e85d4cb57e5cd0\"},\"headline\":\"* * * Aplazado el evento Canarias Salsa Open y Megadancers 2023 * * *\",\"datePublished\":\"2023-08-21T23:06:05+00:00\",\"dateModified\":\"2024-01-26T19:23:05+00:00\",\"mainEntityOfPage\":{\"@id\":\"https:\\\/\\\/www.megadancers.com\\\/aplazado-el-evento-canarias-salsa-open-y-megadancers-2023\\\/\"},\"wordCount\":319,\"publisher\":{\"@id\":\"https:\\\/\\\/www.megadancers.com\\\/#organization\"},\"image\":{\"@id\":\"https:\\\/\\\/www.megadancers.com\\\/aplazado-el-evento-canarias-salsa-open-y-megadancers-2023\\\/#primaryimage\"},\"thumbnailUrl\":\"https:\\\/\\\/www.megadancers.com\\\/wp-content\\\/uploads\\\/2023\\\/08\\\/Promo_Aplazamiento21082023.jpg\",\"keywords\":[\"Canarias Salsa Open 2023\",\"MegaDancers: European Salsa League\",\"Santa Cruz de Tenerife\"],\"articleSection\":[\"Noticias\"],\"inLanguage\":\"en-GB\"},{\"@type\":\"WebPage\",\"@id\":\"https:\\\/\\\/www.megadancers.com\\\/aplazado-el-evento-canarias-salsa-open-y-megadancers-2023\\\/\",\"url\":\"https:\\\/\\\/www.megadancers.com\\\/aplazado-el-evento-canarias-salsa-open-y-megadancers-2023\\\/\",\"name\":\"* * * Aplazado el evento Canarias Salsa Open y Megadancers 2023 * * * - MegaDancers: European Salsa League\",\"isPartOf\":{\"@id\":\"https:\\\/\\\/www.megadancers.com\\\/#website\"},\"primaryImageOfPage\":{\"@id\":\"https:\\\/\\\/www.megadancers.com\\\/aplazado-el-evento-canarias-salsa-open-y-megadancers-2023\\\/#primaryimage\"},\"image\":{\"@id\":\"https:\\\/\\\/www.megadancers.com\\\/aplazado-el-evento-canarias-salsa-open-y-megadancers-2023\\\/#primaryimage\"},\"thumbnailUrl\":\"https:\\\/\\\/www.megadancers.com\\\/wp-content\\\/uploads\\\/2023\\\/08\\\/Promo_Aplazamiento21082023.jpg\",\"datePublished\":\"2023-08-21T23:06:05+00:00\",\"dateModified\":\"2024-01-26T19:23:05+00:00\",\"breadcrumb\":{\"@id\":\"https:\\\/\\\/www.megadancers.com\\\/aplazado-el-evento-canarias-salsa-open-y-megadancers-2023\\\/#breadcrumb\"},\"inLanguage\":\"en-GB\",\"potentialAction\":[{\"@type\":\"ReadAction\",\"target\":[\"https:\\\/\\\/www.megadancers.com\\\/aplazado-el-evento-canarias-salsa-open-y-megadancers-2023\\\/\"]}]},{\"@type\":\"ImageObject\",\"inLanguage\":\"en-GB\",\"@id\":\"https:\\\/\\\/www.megadancers.com\\\/aplazado-el-evento-canarias-salsa-open-y-megadancers-2023\\\/#primaryimage\",\"url\":\"https:\\\/\\\/www.megadancers.com\\\/wp-content\\\/uploads\\\/2023\\\/08\\\/Promo_Aplazamiento21082023.jpg\",\"contentUrl\":\"https:\\\/\\\/www.megadancers.com\\\/wp-content\\\/uploads\\\/2023\\\/08\\\/Promo_Aplazamiento21082023.jpg\",\"width\":960,\"height\":960},{\"@type\":\"BreadcrumbList\",\"@id\":\"https:\\\/\\\/www.megadancers.com\\\/aplazado-el-evento-canarias-salsa-open-y-megadancers-2023\\\/#breadcrumb\",\"itemListElement\":[{\"@type\":\"ListItem\",\"position\":1,\"name\":\"Inicio\",\"item\":\"https:\\\/\\\/www.megadancers.com\\\/\"},{\"@type\":\"ListItem\",\"position\":2,\"name\":\"* * * Aplazado el evento Canarias Salsa Open y Megadancers 2023 * * *\"}]},{\"@type\":\"WebSite\",\"@id\":\"https:\\\/\\\/www.megadancers.com\\\/#website\",\"url\":\"https:\\\/\\\/www.megadancers.com\\\/\",\"name\":\"MegaDancers: European Salsa League\",\"description\":\"Competencia de baile de salsa en pareja y solistas\",\"publisher\":{\"@id\":\"https:\\\/\\\/www.megadancers.com\\\/#organization\"},\"alternateName\":\"Megadancers\",\"potentialAction\":[{\"@type\":\"SearchAction\",\"target\":{\"@type\":\"EntryPoint\",\"urlTemplate\":\"https:\\\/\\\/www.megadancers.com\\\/?s={search_term_string}\"},\"query-input\":{\"@type\":\"PropertyValueSpecification\",\"valueRequired\":true,\"valueName\":\"search_term_string\"}}],\"inLanguage\":\"en-GB\"},{\"@type\":\"Organization\",\"@id\":\"https:\\\/\\\/www.megadancers.com\\\/#organization\",\"name\":\"MegaDancers\",\"url\":\"https:\\\/\\\/www.megadancers.com\\\/\",\"logo\":{\"@type\":\"ImageObject\",\"inLanguage\":\"en-GB\",\"@id\":\"https:\\\/\\\/www.megadancers.com\\\/#\\\/schema\\\/logo\\\/image\\\/\",\"url\":\"https:\\\/\\\/www.megadancers.com\\\/wp-content\\\/uploads\\\/2023\\\/06\\\/Logo-MegaDancersSEO.png\",\"contentUrl\":\"https:\\\/\\\/www.megadancers.com\\\/wp-content\\\/uploads\\\/2023\\\/06\\\/Logo-MegaDancersSEO.png\",\"width\":512,\"height\":512,\"caption\":\"MegaDancers\"},\"image\":{\"@id\":\"https:\\\/\\\/www.megadancers.com\\\/#\\\/schema\\\/logo\\\/image\\\/\"},\"sameAs\":[\"https:\\\/\\\/www.facebook.com\\\/CanariasSalsaOpen\\\/\",\"https:\\\/\\\/www.instagram.com\\\/salsaopencanarias\\\/\"]},{\"@type\":\"Person\",\"@id\":\"https:\\\/\\\/www.megadancers.com\\\/#\\\/schema\\\/person\\\/3a5a64bd36fa8a0790e85d4cb57e5cd0\",\"name\":\"admin\",\"image\":{\"@type\":\"ImageObject\",\"inLanguage\":\"en-GB\",\"@id\":\"https:\\\/\\\/secure.gravatar.com\\\/avatar\\\/2aa33298fd6793ab4d9e378d2dc589af001fa4751581af51ba594db128bd3c99?s=96&d=mm&r=g\",\"url\":\"https:\\\/\\\/secure.gravatar.com\\\/avatar\\\/2aa33298fd6793ab4d9e378d2dc589af001fa4751581af51ba594db128bd3c99?s=96&d=mm&r=g\",\"contentUrl\":\"https:\\\/\\\/secure.gravatar.com\\\/avatar\\\/2aa33298fd6793ab4d9e378d2dc589af001fa4751581af51ba594db128bd3c99?s=96&d=mm&r=g\",\"caption\":\"admin\"},\"sameAs\":[\"https:\\\/\\\/megadancers.com\"],\"url\":\"https:\\\/\\\/www.megadancers.com\\\/en\\\/author\\\/root_hcoh9yj2\\\/\"}]}<\/script>\n<!-- \/ Yoast SEO plugin. -->","yoast_head_json":{"title":"* * * Aplazado el evento Canarias Salsa Open y Megadancers 2023 * * * - MegaDancers: European Salsa League","robots":{"index":"index","follow":"follow","max-snippet":"max-snippet:-1","max-image-preview":"max-image-preview:large","max-video-preview":"max-video-preview:-1"},"canonical":"https:\/\/www.megadancers.com\/en\/aplazado-el-evento-canarias-salsa-open-y-megadancers-2023\/","og_locale":"en_GB","og_type":"article","og_title":"* * * Aplazado el evento Canarias Salsa Open y Megadancers 2023 * * * - MegaDancers: European Salsa League","og_description":"COMUNICADO OFICIAL La organizaci\u00f3n del Canarias Salsa Open y Megadancers Salsa League 2023 informa que nos vemos en la necesidad de aplazar el evento que ten\u00edamos previsto para los d\u00edas 1 al 3 de septiembre. Despu\u00e9s de evaluar cuidadosamente la [&hellip;]","og_url":"https:\/\/www.megadancers.com\/en\/aplazado-el-evento-canarias-salsa-open-y-megadancers-2023\/","og_site_name":"MegaDancers: European Salsa League","article_publisher":"https:\/\/www.facebook.com\/CanariasSalsaOpen\/","article_published_time":"2023-08-21T23:06:05+00:00","article_modified_time":"2024-01-26T19:23:05+00:00","og_image":[{"width":960,"height":960,"url":"https:\/\/www.megadancers.com\/wp-content\/uploads\/2023\/08\/Promo_Aplazamiento21082023.jpg","type":"image\/jpeg"}],"author":"admin","twitter_card":"summary_large_image","twitter_misc":{"Written by":"admin","Estimated reading time":"2 minutes"},"schema":{"@context":"https:\/\/schema.org","@graph":[{"@type":"Article","@id":"https:\/\/www.megadancers.com\/aplazado-el-evento-canarias-salsa-open-y-megadancers-2023\/#article","isPartOf":{"@id":"https:\/\/www.megadancers.com\/aplazado-el-evento-canarias-salsa-open-y-megadancers-2023\/"},"author":{"name":"admin","@id":"https:\/\/www.megadancers.com\/#\/schema\/person\/3a5a64bd36fa8a0790e85d4cb57e5cd0"},"headline":"* * * Aplazado el evento Canarias Salsa Open y Megadancers 2023 * * *","datePublished":"2023-08-21T23:06:05+00:00","dateModified":"2024-01-26T19:23:05+00:00","mainEntityOfPage":{"@id":"https:\/\/www.megadancers.com\/aplazado-el-evento-canarias-salsa-open-y-megadancers-2023\/"},"wordCount":319,"publisher":{"@id":"https:\/\/www.megadancers.com\/#organization"},"image":{"@id":"https:\/\/www.megadancers.com\/aplazado-el-evento-canarias-salsa-open-y-megadancers-2023\/#primaryimage"},"thumbnailUrl":"https:\/\/www.megadancers.com\/wp-content\/uploads\/2023\/08\/Promo_Aplazamiento21082023.jpg","keywords":["Canarias Salsa Open 2023","MegaDancers: European Salsa League","Santa Cruz de Tenerife"],"articleSection":["Noticias"],"inLanguage":"en-GB"},{"@type":"WebPage","@id":"https:\/\/www.megadancers.com\/aplazado-el-evento-canarias-salsa-open-y-megadancers-2023\/","url":"https:\/\/www.megadancers.com\/aplazado-el-evento-canarias-salsa-open-y-megadancers-2023\/","name":"* * * Aplazado el evento Canarias Salsa Open y Megadancers 2023 * * * - MegaDancers: European Salsa League","isPartOf":{"@id":"https:\/\/www.megadancers.com\/#website"},"primaryImageOfPage":{"@id":"https:\/\/www.megadancers.com\/aplazado-el-evento-canarias-salsa-open-y-megadancers-2023\/#primaryimage"},"image":{"@id":"https:\/\/www.megadancers.com\/aplazado-el-evento-canarias-salsa-open-y-megadancers-2023\/#primaryimage"},"thumbnailUrl":"https:\/\/www.megadancers.com\/wp-content\/uploads\/2023\/08\/Promo_Aplazamiento21082023.jpg","datePublished":"2023-08-21T23:06:05+00:00","dateModified":"2024-01-26T19:23:05+00:00","breadcrumb":{"@id":"https:\/\/www.megadancers.com\/aplazado-el-evento-canarias-salsa-open-y-megadancers-2023\/#breadcrumb"},"inLanguage":"en-GB","potentialAction":[{"@type":"ReadAction","target":["https:\/\/www.megadancers.com\/aplazado-el-evento-canarias-salsa-open-y-megadancers-2023\/"]}]},{"@type":"ImageObject","inLanguage":"en-GB","@id":"https:\/\/www.megadancers.com\/aplazado-el-evento-canarias-salsa-open-y-megadancers-2023\/#primaryimage","url":"https:\/\/www.megadancers.com\/wp-content\/uploads\/2023\/08\/Promo_Aplazamiento21082023.jpg","contentUrl":"https:\/\/www.megadancers.com\/wp-content\/uploads\/2023\/08\/Promo_Aplazamiento21082023.jpg","width":960,"height":960},{"@type":"BreadcrumbList","@id":"https:\/\/www.megadancers.com\/aplazado-el-evento-canarias-salsa-open-y-megadancers-2023\/#breadcrumb","itemListElement":[{"@type":"ListItem","position":1,"name":"Inicio","item":"https:\/\/www.megadancers.com\/"},{"@type":"ListItem","position":2,"name":"* * * Aplazado el evento Canarias Salsa Open y Megadancers 2023 * * *"}]},{"@type":"WebSite","@id":"https:\/\/www.megadancers.com\/#website","url":"https:\/\/www.megadancers.com\/","name":"MegaDancers: European Salsa League","description":"Salsa dance competition for couples and soloists","publisher":{"@id":"https:\/\/www.megadancers.com\/#organization"},"alternateName":"Megadancers","potentialAction":[{"@type":"SearchAction","target":{"@type":"EntryPoint","urlTemplate":"https:\/\/www.megadancers.com\/?s={search_term_string}"},"query-input":{"@type":"PropertyValueSpecification","valueRequired":true,"valueName":"search_term_string"}}],"inLanguage":"en-GB"},{"@type":"Organization","@id":"https:\/\/www.megadancers.com\/#organization","name":"MegaDancers","url":"https:\/\/www.megadancers.com\/","logo":{"@type":"ImageObject","inLanguage":"en-GB","@id":"https:\/\/www.megadancers.com\/#\/schema\/logo\/image\/","url":"https:\/\/www.megadancers.com\/wp-content\/uploads\/2023\/06\/Logo-MegaDancersSEO.png","contentUrl":"https:\/\/www.megadancers.com\/wp-content\/uploads\/2023\/06\/Logo-MegaDancersSEO.png","width":512,"height":512,"caption":"MegaDancers"},"image":{"@id":"https:\/\/www.megadancers.com\/#\/schema\/logo\/image\/"},"sameAs":["https:\/\/www.facebook.com\/CanariasSalsaOpen\/","https:\/\/www.instagram.com\/salsaopencanarias\/"]},{"@type":"Person","@id":"https:\/\/www.megadancers.com\/#\/schema\/person\/3a5a64bd36fa8a0790e85d4cb57e5cd0","name":"admin","image":{"@type":"ImageObject","inLanguage":"en-GB","@id":"https:\/\/secure.gravatar.com\/avatar\/2aa33298fd6793ab4d9e378d2dc589af001fa4751581af51ba594db128bd3c99?s=96&d=mm&r=g","url":"https:\/\/secure.gravatar.com\/avatar\/2aa33298fd6793ab4d9e378d2dc589af001fa4751581af51ba594db128bd3c99?s=96&d=mm&r=g","contentUrl":"https:\/\/secure.gravatar.com\/avatar\/2aa33298fd6793ab4d9e378d2dc589af001fa4751581af51ba594db128bd3c99?s=96&d=mm&r=g","caption":"admin"},"sameAs":["https:\/\/megadancers.com"],"url":"https:\/\/www.megadancers.com\/en\/author\/root_hcoh9yj2\/"}]}},"_links":{"self":[{"href":"https:\/\/www.megadancers.com\/en\/wp-json\/wp\/v2\/posts\/6441","targetHints":{"allow":["GET"]}}],"collection":[{"href":"https:\/\/www.megadancers.com\/en\/wp-json\/wp\/v2\/posts"}],"about":[{"href":"https:\/\/www.megadancers.com\/en\/wp-json\/wp\/v2\/types\/post"}],"author":[{"embeddable":true,"href":"https:\/\/www.megadancers.com\/en\/wp-json\/wp\/v2\/users\/1"}],"replies":[{"embeddable":true,"href":"https:\/\/www.megadancers.com\/en\/wp-json\/wp\/v2\/comments?post=6441"}],"version-history":[{"count":0,"href":"https:\/\/www.megadancers.com\/en\/wp-json\/wp\/v2\/posts\/6441\/revisions"}],"wp:featuredmedia":[{"embeddable":true,"href":"https:\/\/www.megadancers.com\/en\/wp-json\/wp\/v2\/media\/6442"}],"wp:attachment":[{"href":"https:\/\/www.megadancers.com\/en\/wp-json\/wp\/v2\/media?parent=6441"}],"wp:term":[{"taxonomy":"category","embeddable":true,"href":"https:\/\/www.megadancers.com\/en\/wp-json\/wp\/v2\/categories?post=6441"},{"taxonomy":"post_tag","embeddable":true,"href":"https:\/\/www.megadancers.com\/en\/wp-json\/wp\/v2\/tags?post=6441"}],"curies":[{"name":"wp","href":"https:\/\/api.w.org\/{rel}","templated":true}]}}