{"id":6441,"date":"2023-08-22T00:06:05","date_gmt":"2023-08-21T23:06:05","guid":{"rendered":"https:\/\/www.megadancers.com\/?p=6441"},"modified":"2024-01-26T19:23:05","modified_gmt":"2024-01-26T19:23:05","slug":"aplazado-el-evento-canarias-salsa-open-y-megadancers-2023","status":"publish","type":"post","link":"https:\/\/www.megadancers.com\/it\/aplazado-el-evento-canarias-salsa-open-y-megadancers-2023\/","title":{"rendered":"* * * Canarias Salsa Open e Megadancers 2023 sono stati posticipati * * * * * * * * * * * * *"},"content":{"rendered":"<p><strong><span style=\"font-size: large;\">COMUNICATO UFFICIALE<\/span><\/strong><\/p>\n<p align=\"JUSTIFY\"><span style=\"font-size: large;\">L'organizzazione del Canarias Salsa Open e della Megadancers Salsa League 2023 ci informa che dobbiamo rimandare l'evento che avevamo programmato per il 1 al 3 settembre.<\/span><\/p>\n<p align=\"JUSTIFY\"><span style=\"font-size: large;\">Dopo aver valutato attentamente la situazione e considerato il cambio di sede da Puerto de la Cruz a Santa Cruz de Tenerife, nonch\u00e9 le difficolt\u00e0 di ottenere in tempo le infrastrutture e le attrezzature necessarie, siamo giunti alla conclusione che l'opzione migliore \u00e8 quella di rinviare lo svolgimento di questo incontro per garantirne il successo.<\/span><\/p>\n<p align=\"JUSTIFY\"><span style=\"font-size: large;\">La decisione \u00e8 stata presa dopo aver consultato gli sponsor, in particolare quelli della citt\u00e0 in cui si terr\u00e0 sicuramente, il Comune di Santa Cruz de Tenerife e la Societ\u00e0 di Sviluppo. Sono stati consultati anche i protagonisti dell'evento, concorrenti delle Isole Canarie e dei Paesi europei, che ringraziamo pubblicamente per il loro sostegno e interesse a partecipare nonostante il cambio di data.<\/span><\/p>\n<p align=\"JUSTIFY\"><span style=\"font-size: large;\">Poich\u00e9 teniamo alla qualit\u00e0 e all'eccellenza delle nostre produzioni, ci siamo impegnati a trovare una nuova data che si adatti alle esigenze e alle disponibilit\u00e0 di tutte le persone coinvolte. Nei prossimi giorni saremo in grado di confermare la data definitiva. Vi informeremo per tempo in modo che possiate riorganizzare le vostre agende e unirvi a noi in questa esperienza.<\/span><\/p>\n<p align=\"JUSTIFY\"><span style=\"font-size: large;\">Ci auguriamo che comprendiate questa decisione. Sappiamo che le aspettative su questa celebrazione erano molto alte e ci scusiamo per i disagi che ci\u00f2 pu\u00f2 causare. Tutte le attivit\u00e0 e le competizioni programmate saranno mantenute. I biglietti acquistati saranno validi per la nuova data.<\/span><\/p>\n<p align=\"JUSTIFY\"><span style=\"font-size: large;\">Vi ringraziamo per il vostro sostegno e la vostra pazienza durante questo processo di riprogrammazione e siamo certi che l'evento, una volta tenuto, superer\u00e0 tutte le vostre aspettative.<\/span><\/p>","protected":false},"excerpt":{"rendered":"<p>COMUNICAZIONE UFFICIALE L'organizzazione del Canarias Salsa Open e Megadancers Salsa League 2023 informa che siamo costretti a rimandare l'evento che avevamo programmato per il 1 al 3 settembre. Dopo un'attenta valutazione delle [...]<\/p>","protected":false},"author":1,"featured_media":6442,"comment_status":"closed","ping_status":"closed","sticky":false,"template":"","format":"standard","meta":{"footnotes":""},"categories":[31],"tags":[201,55,57],"class_list":["post-6441","post","type-post","status-publish","format-standard","has-post-thumbnail","hentry","category-noticias","tag-canarias-salsa-open-2023","tag-megadancers-european-salsa-league","tag-santa-cruz-de-tenerife"],"yoast_head":"<!-- This site is optimized with the Yoast SEO plugin v27.4 - https:\/\/yoast.com\/product\/yoast-seo-wordpress\/ -->\n<title>* * * Aplazado el evento Canarias Salsa Open y Megadancers 2023 * * * - MegaDancers: European Salsa League<\/title>\n<meta name=\"robots\" content=\"index, follow, max-snippet:-1, max-image-preview:large, max-video-preview:-1\" \/>\n<link rel=\"canonical\" href=\"https:\/\/www.megadancers.com\/it\/aplazado-el-evento-canarias-salsa-open-y-megadancers-2023\/\" \/>\n<meta property=\"og:locale\" content=\"it_IT\" \/>\n<meta property=\"og:type\" content=\"article\" \/>\n<meta property=\"og:title\" content=\"* * * Aplazado el evento Canarias Salsa Open y Megadancers 2023 * * * - MegaDancers: European Salsa League\" \/>\n<meta property=\"og:description\" content=\"COMUNICADO OFICIAL La organizaci\u00f3n del Canarias Salsa Open y Megadancers Salsa League 2023 informa que nos vemos en la necesidad de aplazar el evento que ten\u00edamos previsto para los d\u00edas 1 al 3 de septiembre. Despu\u00e9s de evaluar cuidadosamente la [&hellip;]\" \/>\n<meta property=\"og:url\" content=\"https:\/\/www.megadancers.com\/it\/aplazado-el-evento-canarias-salsa-open-y-megadancers-2023\/\" \/>\n<meta property=\"og:site_name\" content=\"MegaDancers: European Salsa League\" \/>\n<meta property=\"article:publisher\" content=\"https:\/\/www.facebook.com\/CanariasSalsaOpen\/\" \/>\n<meta property=\"article:published_time\" content=\"2023-08-21T23:06:05+00:00\" \/>\n<meta property=\"article:modified_time\" content=\"2024-01-26T19:23:05+00:00\" \/>\n<meta property=\"og:image\" content=\"https:\/\/www.megadancers.com\/wp-content\/uploads\/2023\/08\/Promo_Aplazamiento21082023.jpg\" \/>\n\t<meta property=\"og:image:width\" content=\"960\" \/>\n\t<meta property=\"og:image:height\" content=\"960\" \/>\n\t<meta property=\"og:image:type\" content=\"image\/jpeg\" \/>\n<meta name=\"author\" content=\"admin\" \/>\n<meta name=\"twitter:card\" content=\"summary_large_image\" \/>\n<meta name=\"twitter:label1\" content=\"Scritto da\" \/>\n\t<meta name=\"twitter:data1\" content=\"admin\" \/>\n\t<meta name=\"twitter:label2\" content=\"Tempo di lettura stimato\" \/>\n\t<meta name=\"twitter:data2\" content=\"2 minuti\" \/>\n<script type=\"application\/ld+json\" class=\"yoast-schema-graph\">{\"@context\":\"https:\\\/\\\/schema.org\",\"@graph\":[{\"@type\":\"Article\",\"@id\":\"https:\\\/\\\/www.megadancers.com\\\/aplazado-el-evento-canarias-salsa-open-y-megadancers-2023\\\/#article\",\"isPartOf\":{\"@id\":\"https:\\\/\\\/www.megadancers.com\\\/aplazado-el-evento-canarias-salsa-open-y-megadancers-2023\\\/\"},\"author\":{\"name\":\"admin\",\"@id\":\"https:\\\/\\\/www.megadancers.com\\\/#\\\/schema\\\/person\\\/3a5a64bd36fa8a0790e85d4cb57e5cd0\"},\"headline\":\"* * * Aplazado el evento Canarias Salsa Open y Megadancers 2023 * * *\",\"datePublished\":\"2023-08-21T23:06:05+00:00\",\"dateModified\":\"2024-01-26T19:23:05+00:00\",\"mainEntityOfPage\":{\"@id\":\"https:\\\/\\\/www.megadancers.com\\\/aplazado-el-evento-canarias-salsa-open-y-megadancers-2023\\\/\"},\"wordCount\":319,\"publisher\":{\"@id\":\"https:\\\/\\\/www.megadancers.com\\\/#organization\"},\"image\":{\"@id\":\"https:\\\/\\\/www.megadancers.com\\\/aplazado-el-evento-canarias-salsa-open-y-megadancers-2023\\\/#primaryimage\"},\"thumbnailUrl\":\"https:\\\/\\\/www.megadancers.com\\\/wp-content\\\/uploads\\\/2023\\\/08\\\/Promo_Aplazamiento21082023.jpg\",\"keywords\":[\"Canarias Salsa Open 2023\",\"MegaDancers: European Salsa League\",\"Santa Cruz de Tenerife\"],\"articleSection\":[\"Noticias\"],\"inLanguage\":\"it-IT\"},{\"@type\":\"WebPage\",\"@id\":\"https:\\\/\\\/www.megadancers.com\\\/aplazado-el-evento-canarias-salsa-open-y-megadancers-2023\\\/\",\"url\":\"https:\\\/\\\/www.megadancers.com\\\/aplazado-el-evento-canarias-salsa-open-y-megadancers-2023\\\/\",\"name\":\"* * * Aplazado el evento Canarias Salsa Open y Megadancers 2023 * * * - MegaDancers: European Salsa League\",\"isPartOf\":{\"@id\":\"https:\\\/\\\/www.megadancers.com\\\/#website\"},\"primaryImageOfPage\":{\"@id\":\"https:\\\/\\\/www.megadancers.com\\\/aplazado-el-evento-canarias-salsa-open-y-megadancers-2023\\\/#primaryimage\"},\"image\":{\"@id\":\"https:\\\/\\\/www.megadancers.com\\\/aplazado-el-evento-canarias-salsa-open-y-megadancers-2023\\\/#primaryimage\"},\"thumbnailUrl\":\"https:\\\/\\\/www.megadancers.com\\\/wp-content\\\/uploads\\\/2023\\\/08\\\/Promo_Aplazamiento21082023.jpg\",\"datePublished\":\"2023-08-21T23:06:05+00:00\",\"dateModified\":\"2024-01-26T19:23:05+00:00\",\"breadcrumb\":{\"@id\":\"https:\\\/\\\/www.megadancers.com\\\/aplazado-el-evento-canarias-salsa-open-y-megadancers-2023\\\/#breadcrumb\"},\"inLanguage\":\"it-IT\",\"potentialAction\":[{\"@type\":\"ReadAction\",\"target\":[\"https:\\\/\\\/www.megadancers.com\\\/aplazado-el-evento-canarias-salsa-open-y-megadancers-2023\\\/\"]}]},{\"@type\":\"ImageObject\",\"inLanguage\":\"it-IT\",\"@id\":\"https:\\\/\\\/www.megadancers.com\\\/aplazado-el-evento-canarias-salsa-open-y-megadancers-2023\\\/#primaryimage\",\"url\":\"https:\\\/\\\/www.megadancers.com\\\/wp-content\\\/uploads\\\/2023\\\/08\\\/Promo_Aplazamiento21082023.jpg\",\"contentUrl\":\"https:\\\/\\\/www.megadancers.com\\\/wp-content\\\/uploads\\\/2023\\\/08\\\/Promo_Aplazamiento21082023.jpg\",\"width\":960,\"height\":960},{\"@type\":\"BreadcrumbList\",\"@id\":\"https:\\\/\\\/www.megadancers.com\\\/aplazado-el-evento-canarias-salsa-open-y-megadancers-2023\\\/#breadcrumb\",\"itemListElement\":[{\"@type\":\"ListItem\",\"position\":1,\"name\":\"Inicio\",\"item\":\"https:\\\/\\\/www.megadancers.com\\\/\"},{\"@type\":\"ListItem\",\"position\":2,\"name\":\"* * * Aplazado el evento Canarias Salsa Open y Megadancers 2023 * * *\"}]},{\"@type\":\"WebSite\",\"@id\":\"https:\\\/\\\/www.megadancers.com\\\/#website\",\"url\":\"https:\\\/\\\/www.megadancers.com\\\/\",\"name\":\"MegaDancers: European Salsa League\",\"description\":\"Competencia de baile de salsa en pareja y solistas\",\"publisher\":{\"@id\":\"https:\\\/\\\/www.megadancers.com\\\/#organization\"},\"alternateName\":\"Megadancers\",\"potentialAction\":[{\"@type\":\"SearchAction\",\"target\":{\"@type\":\"EntryPoint\",\"urlTemplate\":\"https:\\\/\\\/www.megadancers.com\\\/?s={search_term_string}\"},\"query-input\":{\"@type\":\"PropertyValueSpecification\",\"valueRequired\":true,\"valueName\":\"search_term_string\"}}],\"inLanguage\":\"it-IT\"},{\"@type\":\"Organization\",\"@id\":\"https:\\\/\\\/www.megadancers.com\\\/#organization\",\"name\":\"MegaDancers\",\"url\":\"https:\\\/\\\/www.megadancers.com\\\/\",\"logo\":{\"@type\":\"ImageObject\",\"inLanguage\":\"it-IT\",\"@id\":\"https:\\\/\\\/www.megadancers.com\\\/#\\\/schema\\\/logo\\\/image\\\/\",\"url\":\"https:\\\/\\\/www.megadancers.com\\\/wp-content\\\/uploads\\\/2023\\\/06\\\/Logo-MegaDancersSEO.png\",\"contentUrl\":\"https:\\\/\\\/www.megadancers.com\\\/wp-content\\\/uploads\\\/2023\\\/06\\\/Logo-MegaDancersSEO.png\",\"width\":512,\"height\":512,\"caption\":\"MegaDancers\"},\"image\":{\"@id\":\"https:\\\/\\\/www.megadancers.com\\\/#\\\/schema\\\/logo\\\/image\\\/\"},\"sameAs\":[\"https:\\\/\\\/www.facebook.com\\\/CanariasSalsaOpen\\\/\",\"https:\\\/\\\/www.instagram.com\\\/salsaopencanarias\\\/\"]},{\"@type\":\"Person\",\"@id\":\"https:\\\/\\\/www.megadancers.com\\\/#\\\/schema\\\/person\\\/3a5a64bd36fa8a0790e85d4cb57e5cd0\",\"name\":\"admin\",\"image\":{\"@type\":\"ImageObject\",\"inLanguage\":\"it-IT\",\"@id\":\"https:\\\/\\\/secure.gravatar.com\\\/avatar\\\/2aa33298fd6793ab4d9e378d2dc589af001fa4751581af51ba594db128bd3c99?s=96&d=mm&r=g\",\"url\":\"https:\\\/\\\/secure.gravatar.com\\\/avatar\\\/2aa33298fd6793ab4d9e378d2dc589af001fa4751581af51ba594db128bd3c99?s=96&d=mm&r=g\",\"contentUrl\":\"https:\\\/\\\/secure.gravatar.com\\\/avatar\\\/2aa33298fd6793ab4d9e378d2dc589af001fa4751581af51ba594db128bd3c99?s=96&d=mm&r=g\",\"caption\":\"admin\"},\"sameAs\":[\"https:\\\/\\\/megadancers.com\"],\"url\":\"https:\\\/\\\/www.megadancers.com\\\/it\\\/author\\\/root_hcoh9yj2\\\/\"}]}<\/script>\n<!-- \/ Yoast SEO plugin. -->","yoast_head_json":{"title":"* * * Aplazado el evento Canarias Salsa Open y Megadancers 2023 * * * - MegaDancers: European Salsa League","robots":{"index":"index","follow":"follow","max-snippet":"max-snippet:-1","max-image-preview":"max-image-preview:large","max-video-preview":"max-video-preview:-1"},"canonical":"https:\/\/www.megadancers.com\/it\/aplazado-el-evento-canarias-salsa-open-y-megadancers-2023\/","og_locale":"it_IT","og_type":"article","og_title":"* * * Aplazado el evento Canarias Salsa Open y Megadancers 2023 * * * - MegaDancers: European Salsa League","og_description":"COMUNICADO OFICIAL La organizaci\u00f3n del Canarias Salsa Open y Megadancers Salsa League 2023 informa que nos vemos en la necesidad de aplazar el evento que ten\u00edamos previsto para los d\u00edas 1 al 3 de septiembre. Despu\u00e9s de evaluar cuidadosamente la [&hellip;]","og_url":"https:\/\/www.megadancers.com\/it\/aplazado-el-evento-canarias-salsa-open-y-megadancers-2023\/","og_site_name":"MegaDancers: European Salsa League","article_publisher":"https:\/\/www.facebook.com\/CanariasSalsaOpen\/","article_published_time":"2023-08-21T23:06:05+00:00","article_modified_time":"2024-01-26T19:23:05+00:00","og_image":[{"width":960,"height":960,"url":"https:\/\/www.megadancers.com\/wp-content\/uploads\/2023\/08\/Promo_Aplazamiento21082023.jpg","type":"image\/jpeg"}],"author":"admin","twitter_card":"summary_large_image","twitter_misc":{"Scritto da":"admin","Tempo di lettura stimato":"2 minuti"},"schema":{"@context":"https:\/\/schema.org","@graph":[{"@type":"Article","@id":"https:\/\/www.megadancers.com\/aplazado-el-evento-canarias-salsa-open-y-megadancers-2023\/#article","isPartOf":{"@id":"https:\/\/www.megadancers.com\/aplazado-el-evento-canarias-salsa-open-y-megadancers-2023\/"},"author":{"name":"admin","@id":"https:\/\/www.megadancers.com\/#\/schema\/person\/3a5a64bd36fa8a0790e85d4cb57e5cd0"},"headline":"* * * Aplazado el evento Canarias Salsa Open y Megadancers 2023 * * *","datePublished":"2023-08-21T23:06:05+00:00","dateModified":"2024-01-26T19:23:05+00:00","mainEntityOfPage":{"@id":"https:\/\/www.megadancers.com\/aplazado-el-evento-canarias-salsa-open-y-megadancers-2023\/"},"wordCount":319,"publisher":{"@id":"https:\/\/www.megadancers.com\/#organization"},"image":{"@id":"https:\/\/www.megadancers.com\/aplazado-el-evento-canarias-salsa-open-y-megadancers-2023\/#primaryimage"},"thumbnailUrl":"https:\/\/www.megadancers.com\/wp-content\/uploads\/2023\/08\/Promo_Aplazamiento21082023.jpg","keywords":["Canarias Salsa Open 2023","MegaDancers: European Salsa League","Santa Cruz de Tenerife"],"articleSection":["Noticias"],"inLanguage":"it-IT"},{"@type":"WebPage","@id":"https:\/\/www.megadancers.com\/aplazado-el-evento-canarias-salsa-open-y-megadancers-2023\/","url":"https:\/\/www.megadancers.com\/aplazado-el-evento-canarias-salsa-open-y-megadancers-2023\/","name":"* * * Aplazado el evento Canarias Salsa Open y Megadancers 2023 * * * - MegaDancers: European Salsa League","isPartOf":{"@id":"https:\/\/www.megadancers.com\/#website"},"primaryImageOfPage":{"@id":"https:\/\/www.megadancers.com\/aplazado-el-evento-canarias-salsa-open-y-megadancers-2023\/#primaryimage"},"image":{"@id":"https:\/\/www.megadancers.com\/aplazado-el-evento-canarias-salsa-open-y-megadancers-2023\/#primaryimage"},"thumbnailUrl":"https:\/\/www.megadancers.com\/wp-content\/uploads\/2023\/08\/Promo_Aplazamiento21082023.jpg","datePublished":"2023-08-21T23:06:05+00:00","dateModified":"2024-01-26T19:23:05+00:00","breadcrumb":{"@id":"https:\/\/www.megadancers.com\/aplazado-el-evento-canarias-salsa-open-y-megadancers-2023\/#breadcrumb"},"inLanguage":"it-IT","potentialAction":[{"@type":"ReadAction","target":["https:\/\/www.megadancers.com\/aplazado-el-evento-canarias-salsa-open-y-megadancers-2023\/"]}]},{"@type":"ImageObject","inLanguage":"it-IT","@id":"https:\/\/www.megadancers.com\/aplazado-el-evento-canarias-salsa-open-y-megadancers-2023\/#primaryimage","url":"https:\/\/www.megadancers.com\/wp-content\/uploads\/2023\/08\/Promo_Aplazamiento21082023.jpg","contentUrl":"https:\/\/www.megadancers.com\/wp-content\/uploads\/2023\/08\/Promo_Aplazamiento21082023.jpg","width":960,"height":960},{"@type":"BreadcrumbList","@id":"https:\/\/www.megadancers.com\/aplazado-el-evento-canarias-salsa-open-y-megadancers-2023\/#breadcrumb","itemListElement":[{"@type":"ListItem","position":1,"name":"Inicio","item":"https:\/\/www.megadancers.com\/"},{"@type":"ListItem","position":2,"name":"* * * Aplazado el evento Canarias Salsa Open y Megadancers 2023 * * *"}]},{"@type":"WebSite","@id":"https:\/\/www.megadancers.com\/#website","url":"https:\/\/www.megadancers.com\/","name":"MegaDancers: campionato europeo di salsa","description":"Gara di ballo di salsa per coppie e solisti","publisher":{"@id":"https:\/\/www.megadancers.com\/#organization"},"alternateName":"Megadancers","potentialAction":[{"@type":"SearchAction","target":{"@type":"EntryPoint","urlTemplate":"https:\/\/www.megadancers.com\/?s={search_term_string}"},"query-input":{"@type":"PropertyValueSpecification","valueRequired":true,"valueName":"search_term_string"}}],"inLanguage":"it-IT"},{"@type":"Organization","@id":"https:\/\/www.megadancers.com\/#organization","name":"MegaDancers","url":"https:\/\/www.megadancers.com\/","logo":{"@type":"ImageObject","inLanguage":"it-IT","@id":"https:\/\/www.megadancers.com\/#\/schema\/logo\/image\/","url":"https:\/\/www.megadancers.com\/wp-content\/uploads\/2023\/06\/Logo-MegaDancersSEO.png","contentUrl":"https:\/\/www.megadancers.com\/wp-content\/uploads\/2023\/06\/Logo-MegaDancersSEO.png","width":512,"height":512,"caption":"MegaDancers"},"image":{"@id":"https:\/\/www.megadancers.com\/#\/schema\/logo\/image\/"},"sameAs":["https:\/\/www.facebook.com\/CanariasSalsaOpen\/","https:\/\/www.instagram.com\/salsaopencanarias\/"]},{"@type":"Person","@id":"https:\/\/www.megadancers.com\/#\/schema\/person\/3a5a64bd36fa8a0790e85d4cb57e5cd0","name":"amministratore","image":{"@type":"ImageObject","inLanguage":"it-IT","@id":"https:\/\/secure.gravatar.com\/avatar\/2aa33298fd6793ab4d9e378d2dc589af001fa4751581af51ba594db128bd3c99?s=96&d=mm&r=g","url":"https:\/\/secure.gravatar.com\/avatar\/2aa33298fd6793ab4d9e378d2dc589af001fa4751581af51ba594db128bd3c99?s=96&d=mm&r=g","contentUrl":"https:\/\/secure.gravatar.com\/avatar\/2aa33298fd6793ab4d9e378d2dc589af001fa4751581af51ba594db128bd3c99?s=96&d=mm&r=g","caption":"admin"},"sameAs":["https:\/\/megadancers.com"],"url":"https:\/\/www.megadancers.com\/it\/author\/root_hcoh9yj2\/"}]}},"_links":{"self":[{"href":"https:\/\/www.megadancers.com\/it\/wp-json\/wp\/v2\/posts\/6441","targetHints":{"allow":["GET"]}}],"collection":[{"href":"https:\/\/www.megadancers.com\/it\/wp-json\/wp\/v2\/posts"}],"about":[{"href":"https:\/\/www.megadancers.com\/it\/wp-json\/wp\/v2\/types\/post"}],"author":[{"embeddable":true,"href":"https:\/\/www.megadancers.com\/it\/wp-json\/wp\/v2\/users\/1"}],"replies":[{"embeddable":true,"href":"https:\/\/www.megadancers.com\/it\/wp-json\/wp\/v2\/comments?post=6441"}],"version-history":[{"count":0,"href":"https:\/\/www.megadancers.com\/it\/wp-json\/wp\/v2\/posts\/6441\/revisions"}],"wp:featuredmedia":[{"embeddable":true,"href":"https:\/\/www.megadancers.com\/it\/wp-json\/wp\/v2\/media\/6442"}],"wp:attachment":[{"href":"https:\/\/www.megadancers.com\/it\/wp-json\/wp\/v2\/media?parent=6441"}],"wp:term":[{"taxonomy":"category","embeddable":true,"href":"https:\/\/www.megadancers.com\/it\/wp-json\/wp\/v2\/categories?post=6441"},{"taxonomy":"post_tag","embeddable":true,"href":"https:\/\/www.megadancers.com\/it\/wp-json\/wp\/v2\/tags?post=6441"}],"curies":[{"name":"wp","href":"https:\/\/api.w.org\/{rel}","templated":true}]}}